{"id":220,"date":"2014-11-28T00:00:59","date_gmt":"2014-11-27T23:00:59","guid":{"rendered":"http:\/\/informationskompetenz.de\/\/?p=220"},"modified":"2016-01-21T13:16:00","modified_gmt":"2016-01-21T12:16:00","slug":"neue-internetplattform-fuer-den-austausch-von-schule-und-bibliotheken-in-baden-wuerttemberg","status":"publish","type":"post","link":"https:\/\/www.informationskompetenz.de\/index.php\/neue-internetplattform-fuer-den-austausch-von-schule-und-bibliotheken-in-baden-wuerttemberg\/","title":{"rendered":"Neue Internetplattform f\u00fcr den Austausch von Schule und Bibliotheken in Baden-W\u00fcrttemberg"},"content":{"rendered":"<p>Seit Oktober 2014 erleichtert die <a class=\"external-link-new-window\" title=\"Portal Bibliothek &amp; Schule\" href=\"http:\/\/www.bibliothek-und-schule.info\/\" target=\"_blank\"><b>Internetplattform Bibliothek &amp; Schule<\/b><\/a> die Suche nach Lernangeboten von Bibliotheken in Baden-W\u00fcrttemberg: Sie stellt Neuigkeiten \u00fcber das p\u00e4dagogische Angebot der Bibliotheken f\u00fcr Lehrer, Kinder und Jugendliche bereit und dient dem Austausch zwischen Schule und Bibliotheken.<\/p>\n","protected":false},"excerpt":{"rendered":"<p>Seit Oktober 2014 erleichtert die Internetplattform Bibliothek &amp; Schule die Suche nach Lernangeboten von Bibliotheken in Baden-W\u00fcrttemberg: Sie stellt Neuigkeiten \u00fcber das p\u00e4dagogische Angebot der Bibliotheken f\u00fcr Lehrer, Kinder und [&hellip;]<\/p>\n","protected":false},"author":1,"featured_media":0,"comment_status":"closed","ping_status":"open","sticky":false,"template":"","format":"standard","meta":{"footnotes":""},"categories":[1,42,19],"tags":[],"class_list":["post-220","post","type-post","status-publish","format-standard","hentry","category-allgemein","category-bawue","category-schule"],"_links":{"self":[{"href":"https:\/\/www.informationskompetenz.de\/index.php\/wp-json\/wp\/v2\/posts\/220","targetHints":{"allow":["GET"]}}],"collection":[{"href":"https:\/\/www.informationskompetenz.de\/index.php\/wp-json\/wp\/v2\/posts"}],"about":[{"href":"https:\/\/www.informationskompetenz.de\/index.php\/wp-json\/wp\/v2\/types\/post"}],"author":[{"embeddable":true,"href":"https:\/\/www.informationskompetenz.de\/index.php\/wp-json\/wp\/v2\/users\/1"}],"replies":[{"embeddable":true,"href":"https:\/\/www.informationskompetenz.de\/index.php\/wp-json\/wp\/v2\/comments?post=220"}],"version-history":[{"count":1,"href":"https:\/\/www.informationskompetenz.de\/index.php\/wp-json\/wp\/v2\/posts\/220\/revisions"}],"predecessor-version":[{"id":221,"href":"https:\/\/www.informationskompetenz.de\/index.php\/wp-json\/wp\/v2\/posts\/220\/revisions\/221"}],"wp:attachment":[{"href":"https:\/\/www.informationskompetenz.de\/index.php\/wp-json\/wp\/v2\/media?parent=220"}],"wp:term":[{"taxonomy":"category","embeddable":true,"href":"https:\/\/www.informationskompetenz.de\/index.php\/wp-json\/wp\/v2\/categories?post=220"},{"taxonomy":"post_tag","embeddable":true,"href":"https:\/\/www.informationskompetenz.de\/index.php\/wp-json\/wp\/v2\/tags?post=220"}],"curies":[{"name":"wp","href":"https:\/\/api.w.org\/{rel}","templated":true}]}}