{"id":3136,"date":"2016-12-01T14:38:26","date_gmt":"2016-12-01T13:38:26","guid":{"rendered":"http:\/\/www.informationskompetenz.de\/?p=3136"},"modified":"2016-12-01T14:38:26","modified_gmt":"2016-12-01T13:38:26","slug":"referenzrahmen-informationskompetenz-verabschiedet","status":"publish","type":"post","link":"https:\/\/www.informationskompetenz.de\/index.php\/referenzrahmen-informationskompetenz-verabschiedet\/","title":{"rendered":"Referenzrahmen Informationskompetenz verabschiedet"},"content":{"rendered":"<p>Der Bundesvorstand des Deutschen Bibliotheksverbandes e.V. (dbv) hat in seiner Sitzung am 27. Oktober 2016 den Referenzrahmen Informationskompetenz in der vorliegenden Form verabschiedet und empfiehlt seinen Bibliotheken den Einsatz dieses Werkzeugs sowohl in der t\u00e4glichen Praxis, als auch in der strategischen Planung. Dem Vorbild des Gemeinsamen Europ\u00e4ischen Referenzrahmens f\u00fcr Sprachen folgend, will der Referenzrahmen Informationskompetenz des Deutschen Bibliotheksverbandes e.V. (dbv) die Aktivit\u00e4ten s\u00e4mtlicher Akteure zur Entwicklung von Informationskompetenz vergleichbar machen und einen Ma\u00dfstab zur Messung der Kompetenzniveaus schaffen.<\/p>\n<p>Der vollst\u00e4ndige Text ist auf der Verbandswebsite unter folgender URL abgelegt:<br \/>\n<a href=\"http:\/\/www.bibliotheksverband.de\/fachgruppen\/kommissionen\/informationskompetenz\/publikationen.html\" target=\"_blank\">http:\/\/www.bibliotheksverband.de\/fachgruppen\/kommissionen\/informationskompetenz\/publikationen.html<\/a><\/p>\n<p>Weitere Informationen finden Sie unter: <a href=\"http:\/\/www.informationskompetenz.de\/index.php\/referenzrahmen\/\">http:\/\/www.informationskompetenz.de\/index.php\/referenzrahmen\/<\/a><\/p>\n","protected":false},"excerpt":{"rendered":"<p>Der Bundesvorstand des Deutschen Bibliotheksverbandes e.V. (dbv) hat in seiner Sitzung am 27. Oktober 2016 den Referenzrahmen Informationskompetenz in der vorliegenden Form verabschiedet und empfiehlt seinen Bibliotheken den Einsatz dieses [&hellip;]<\/p>\n","protected":false},"author":16,"featured_media":0,"comment_status":"open","ping_status":"open","sticky":false,"template":"","format":"standard","meta":{"footnotes":""},"categories":[1,19,6],"tags":[10,59],"class_list":["post-3136","post","type-post","status-publish","format-standard","hentry","category-allgemein","category-schule","category-kommission","tag-referenzrahmen","tag-standards"],"_links":{"self":[{"href":"https:\/\/www.informationskompetenz.de\/index.php\/wp-json\/wp\/v2\/posts\/3136","targetHints":{"allow":["GET"]}}],"collection":[{"href":"https:\/\/www.informationskompetenz.de\/index.php\/wp-json\/wp\/v2\/posts"}],"about":[{"href":"https:\/\/www.informationskompetenz.de\/index.php\/wp-json\/wp\/v2\/types\/post"}],"author":[{"embeddable":true,"href":"https:\/\/www.informationskompetenz.de\/index.php\/wp-json\/wp\/v2\/users\/16"}],"replies":[{"embeddable":true,"href":"https:\/\/www.informationskompetenz.de\/index.php\/wp-json\/wp\/v2\/comments?post=3136"}],"version-history":[{"count":1,"href":"https:\/\/www.informationskompetenz.de\/index.php\/wp-json\/wp\/v2\/posts\/3136\/revisions"}],"predecessor-version":[{"id":3137,"href":"https:\/\/www.informationskompetenz.de\/index.php\/wp-json\/wp\/v2\/posts\/3136\/revisions\/3137"}],"wp:attachment":[{"href":"https:\/\/www.informationskompetenz.de\/index.php\/wp-json\/wp\/v2\/media?parent=3136"}],"wp:term":[{"taxonomy":"category","embeddable":true,"href":"https:\/\/www.informationskompetenz.de\/index.php\/wp-json\/wp\/v2\/categories?post=3136"},{"taxonomy":"post_tag","embeddable":true,"href":"https:\/\/www.informationskompetenz.de\/index.php\/wp-json\/wp\/v2\/tags?post=3136"}],"curies":[{"name":"wp","href":"https:\/\/api.w.org\/{rel}","templated":true}]}}